{"id":174,"date":"2024-01-02T19:00:00","date_gmt":"2024-01-02T19:00:00","guid":{"rendered":"https:\/\/calvamadrid.com\/calvaw\/fotos-antiguas\/"},"modified":"2024-03-17T16:52:50","modified_gmt":"2024-03-17T16:52:50","slug":"fotos-antiguas","status":"publish","type":"post","link":"https:\/\/calvamadrid.com\/calvaw\/fotos-antiguas\/","title":{"rendered":"CAMPEONATOS EN BLANCO Y NEGRO"},"content":{"rendered":"<p><strong>En la web <a href=\"http:\/\/www.avilas.es\/\">www.avilas.es<\/a> <\/strong>podemos encontrar m\u00e1s de <strong>3.500 im\u00e1genes antiguas<\/strong> de la ciudad de \u00c1vila. Esta colecci\u00f3n catalogada y comentada, permite acceder a las im\u00e1genes con diferentes tama\u00f1os, buscar por temas o fechas, y localizarlas en un mapa virtual.<\/p>\n<p>Rebuscando entre ellas hemos encontrado estas 3 fotos de diversos campeonatos, el mas antiguo de 1940, una entrega de premios de 1945 y un campeonato de 1979 con las murallas al fondo.<\/p>\n<h1 id=\"title_div5856768475\" class=\"photo-title\">\u00c1vila. Concurso de calva organizado por Educaci\u00f3n y Descanso. h.1940.<\/h1>\n<p><img fetchpriority=\"high\" decoding=\"async\" class=\" size-full wp-image-171\" src=\"http:\/\/calvamadrid.com\/calvaw\/wp-content\/uploads\/2012\/05\/amayoral_avila_1940.jpg\" alt=\"\" width=\"658\" height=\"485\" border=\"0\" \/><\/p>\n<div id=\"meta\">\n<div id=\"description_div5856768475\" class=\"photo-desc\">\n<p id=\"yui_3_4_0_3_1336216053560_1026\">Foto Mayoral. h. 1940. Archivo Rafael G\u00f3mez Benito<\/p>\n<\/div>\n<\/div>\n<p>Enlace Original de la foto: <a href=\"http:\/\/www.flickr.com\/photos\/avilas\/5856768475\/\">http:\/\/www.flickr.com\/photos\/avilas\/5856768475\/<\/a><\/p>\n<div id=\"meta\">\n<h1 id=\"title_div6227061997\" class=\"photo-title\">\u00c1vila. Entrega de trofeos del Campeonato de `calva\u00b4. 1945.<\/h1>\n<\/div>\n<p><img decoding=\"async\" class=\" size-full wp-image-172\" src=\"http:\/\/calvamadrid.com\/calvaw\/wp-content\/uploads\/2012\/05\/amayoral_avila_1945.jpg\" alt=\"\" width=\"658\" height=\"485\" border=\"0\" srcset=\"https:\/\/calvamadrid.com\/calvaw\/wp-content\/uploads\/2012\/05\/amayoral_avila_1945.jpg 658w, https:\/\/calvamadrid.com\/calvaw\/wp-content\/uploads\/2012\/05\/amayoral_avila_1945-300x221.jpg 300w\" sizes=\"(max-width: 658px) 100vw, 658px\" \/><\/p>\n<p>Foto Mayoral Fern\u00e1ndez. Archivo Mayoral.<\/p>\n<p>Enlace Original de la foto <a href=\"http:\/\/www.flickr.com\/photos\/avilas\/6227061997\/\">http:\/\/www.flickr.com\/photos\/avilas\/6227061997\/<\/a><\/p>\n<h1 id=\"title_div6215176040\" class=\"photo-title\">\u00c1vila. Campeonato provincial de `Calva\u00b4. 1979.<\/h1>\n<p><img decoding=\"async\" class=\" size-full wp-image-173\" src=\"http:\/\/calvamadrid.com\/calvaw\/wp-content\/uploads\/2012\/05\/amayoral_avila_1979.jpg\" alt=\"\" width=\"655\" height=\"432\" border=\"0\" srcset=\"https:\/\/calvamadrid.com\/calvaw\/wp-content\/uploads\/2012\/05\/amayoral_avila_1979.jpg 655w, https:\/\/calvamadrid.com\/calvaw\/wp-content\/uploads\/2012\/05\/amayoral_avila_1979-300x198.jpg 300w\" sizes=\"(max-width: 655px) 100vw, 655px\" \/><\/p>\n<div id=\"meta\">\n<div id=\"description_div6215176040\" class=\"photo-desc\">\n<p id=\"yui_3_4_0_3_1336215530485_1116\">Foto Mayoral Fern\u00e1ndez. 1979. Archivo Mayoral.<\/p>\n<\/div>\n<\/div>\n<p>Enlace original de la foto:<a href=\"http:\/\/www.flickr.com\/photos\/avilas\/6215176040\/\"> http:\/\/www.flickr.com\/photos\/avilas\/6215176040\/<\/a><\/p>\n<p>\u00bfTienes mas fotos antiguas?<\/p>\n<p>Envialas a calvamadrid@calvamadrid.com.<\/p>\n","protected":false},"excerpt":{"rendered":"<p>En la web www.avilas.es podemos encontrar m\u00e1s de 3.500 im\u00e1genes antiguas de la ciudad de \u00c1vila. Esta colecci\u00f3n catalogada y comentada, permite acceder a las im\u00e1genes con diferentes tama\u00f1os, buscar por temas o fechas, y localizarlas en un mapa virtual. Rebuscando entre ellas hemos encontrado estas 3 fotos de diversos campeonatos, el mas antiguo de &#8230; <a title=\"CAMPEONATOS EN BLANCO Y NEGRO\" class=\"read-more\" href=\"https:\/\/calvamadrid.com\/calvaw\/fotos-antiguas\/\" aria-label=\"Leer m\u00e1s sobre CAMPEONATOS EN BLANCO Y NEGRO\">Leer m\u00e1s<\/a><\/p>\n","protected":false},"author":1,"featured_media":171,"comment_status":"open","ping_status":"open","sticky":false,"template":"","format":"standard","meta":{"footnotes":""},"categories":[3],"tags":[],"aioseo_notices":[],"magazineBlocksPostFeaturedMedia":{"thumbnail":"https:\/\/calvamadrid.com\/calvaw\/wp-content\/uploads\/2012\/05\/amayoral_avila_1940-150x150.jpg","medium":"https:\/\/calvamadrid.com\/calvaw\/wp-content\/uploads\/2012\/05\/amayoral_avila_1940-300x183.jpg","medium_large":"https:\/\/calvamadrid.com\/calvaw\/wp-content\/uploads\/2012\/05\/amayoral_avila_1940.jpg","large":"https:\/\/calvamadrid.com\/calvaw\/wp-content\/uploads\/2012\/05\/amayoral_avila_1940.jpg","1536x1536":"https:\/\/calvamadrid.com\/calvaw\/wp-content\/uploads\/2012\/05\/amayoral_avila_1940.jpg","2048x2048":"https:\/\/calvamadrid.com\/calvaw\/wp-content\/uploads\/2012\/05\/amayoral_avila_1940.jpg"},"magazineBlocksPostAuthor":{"name":"admin","avatar":"https:\/\/secure.gravatar.com\/avatar\/64c979bdb8437be16ea1b705a0eb9b30?s=96&d=mm&r=g"},"magazineBlocksPostCommentsNumber":false,"magazineBlocksPostExcerpt":"En la web www.avilas.es podemos encontrar m\u00e1s de 3.500 im\u00e1genes antiguas de la ciudad de \u00c1vila. Esta colecci\u00f3n catalogada y comentada, permite acceder a las im\u00e1genes con diferentes tama\u00f1os, buscar por temas o fechas, y localizarlas en un mapa virtual. Rebuscando entre ellas hemos encontrado estas 3 fotos de diversos campeonatos, el mas antiguo de ... <a title=\"CAMPEONATOS EN BLANCO Y NEGRO\" class=\"read-more\" href=\"https:\/\/calvamadrid.com\/calvaw\/fotos-antiguas\/\" aria-label=\"Leer m\u00e1s sobre CAMPEONATOS EN BLANCO Y NEGRO\">Leer m\u00e1s<\/a>","magazineBlocksPostCategories":["Noticias"],"magazine_blocks_featured_image_url":{"full":["https:\/\/calvamadrid.com\/calvaw\/wp-content\/uploads\/2012\/05\/amayoral_avila_1940.jpg",641,391,false],"medium":["https:\/\/calvamadrid.com\/calvaw\/wp-content\/uploads\/2012\/05\/amayoral_avila_1940-300x183.jpg",150,92,true],"thumbnail":["https:\/\/calvamadrid.com\/calvaw\/wp-content\/uploads\/2012\/05\/amayoral_avila_1940-150x150.jpg",50,50,true]},"magazine_blocks_author":{"display_name":"admin","author_link":"https:\/\/calvamadrid.com\/calvaw\/author\/admin\/"},"magazine_blocks_comment":0,"magazine_blocks_author_image":"https:\/\/secure.gravatar.com\/avatar\/64c979bdb8437be16ea1b705a0eb9b30?s=96&d=mm&r=g","magazine_blocks_category":"<a href=\"https:\/\/calvamadrid.com\/calvaw\/category\/news\/\" rel=\"category tag\">Noticias<\/a>","_links":{"self":[{"href":"https:\/\/calvamadrid.com\/calvaw\/wp-json\/wp\/v2\/posts\/174"}],"collection":[{"href":"https:\/\/calvamadrid.com\/calvaw\/wp-json\/wp\/v2\/posts"}],"about":[{"href":"https:\/\/calvamadrid.com\/calvaw\/wp-json\/wp\/v2\/types\/post"}],"author":[{"embeddable":true,"href":"https:\/\/calvamadrid.com\/calvaw\/wp-json\/wp\/v2\/users\/1"}],"replies":[{"embeddable":true,"href":"https:\/\/calvamadrid.com\/calvaw\/wp-json\/wp\/v2\/comments?post=174"}],"version-history":[{"count":1,"href":"https:\/\/calvamadrid.com\/calvaw\/wp-json\/wp\/v2\/posts\/174\/revisions"}],"predecessor-version":[{"id":383,"href":"https:\/\/calvamadrid.com\/calvaw\/wp-json\/wp\/v2\/posts\/174\/revisions\/383"}],"wp:featuredmedia":[{"embeddable":true,"href":"https:\/\/calvamadrid.com\/calvaw\/wp-json\/wp\/v2\/media\/171"}],"wp:attachment":[{"href":"https:\/\/calvamadrid.com\/calvaw\/wp-json\/wp\/v2\/media?parent=174"}],"wp:term":[{"taxonomy":"category","embeddable":true,"href":"https:\/\/calvamadrid.com\/calvaw\/wp-json\/wp\/v2\/categories?post=174"},{"taxonomy":"post_tag","embeddable":true,"href":"https:\/\/calvamadrid.com\/calvaw\/wp-json\/wp\/v2\/tags?post=174"}],"curies":[{"name":"wp","href":"https:\/\/api.w.org\/{rel}","templated":true}]}}