{"id":19,"date":"2023-10-25T18:09:00","date_gmt":"2023-10-25T18:09:00","guid":{"rendered":"https:\/\/calvamadrid.com\/calvaw\/arenillas-de-muno-burgos-anos-20\/"},"modified":"2024-04-07T18:38:14","modified_gmt":"2024-04-07T18:38:14","slug":"arenillas-de-muno-burgos-anos-20","status":"publish","type":"post","link":"https:\/\/calvamadrid.com\/calvaw\/arenillas-de-muno-burgos-anos-20\/","title":{"rendered":"Fotos de la calva de 1920 en Burgos"},"content":{"rendered":"<p>\u00a0<\/p>\n<p>Las fotos mas antiguas que se conocen son estas de los a\u00f1os 20. Son de a \u00e9poca en la que no se estilaba el chandal para jugar\u00a0 y los curas jugaban con sotana.<\/p>\n<p>Estas fotos fueron recogidas en una exposici\u00f3n fotogr\u00e1fica realizada por Ra\u00fal Mar\u00edn Benito en el <a href=\"http:\/\/club.telepolis.com\/oscargardi\/index4.htm\" target=\"_blank\" rel=\"noopener\">Centro C\u00edvico Tierras de Mu\u00f1\u00f3<\/a> en el pueblo de Arenillas de Mu\u00f1\u00f3 (Burgos).<\/p>\n<div align=\"center\">\n<p><a href=\"http:\/\/club.telepolis.com\/oscargardi\/Exposicion\/images\/foto33_jpg.jpg\"><img fetchpriority=\"high\" decoding=\"async\" class=\" size-full wp-image-16\" src=\"http:\/\/calvamadrid.com\/calvaw\/wp-content\/uploads\/2008\/10\/foto_1920_01.jpg\" alt=\"\" width=\"351\" height=\"242\" border=\"0\" srcset=\"https:\/\/calvamadrid.com\/calvaw\/wp-content\/uploads\/2008\/10\/foto_1920_01.jpg 774w, https:\/\/calvamadrid.com\/calvaw\/wp-content\/uploads\/2008\/10\/foto_1920_01-300x207.jpg 300w, https:\/\/calvamadrid.com\/calvaw\/wp-content\/uploads\/2008\/10\/foto_1920_01-768x530.jpg 768w\" sizes=\"(max-width: 351px) 100vw, 351px\" \/><\/a><\/p>\n<\/div>\n<p><!--more--><\/p>\n<p>\u00a0<\/p>\n<div align=\"center\"><span style=\"font-size: xx-large;\"><span style=\"font-size: 18px; color: #999999;\">Fotos antiguas a\u00f1os 20 de pueblos de Burgos<\/span><\/span><\/div>\n<h2>\u00a0<\/h2>\n<h1 align=\"center\"><span style=\"color: #ff0000; font-size: x-large;\"><strong style=\"font-size: 18px;\">\u00abObligaciones y devociones\u00bb<\/strong><\/span><\/h1>\n<p>\u00a0<\/p>\n<p>a<\/p>\n<div style=\"text-align: center;\"><img decoding=\"async\" class=\" size-full wp-image-17\" src=\"http:\/\/calvamadrid.com\/calvaw\/wp-content\/uploads\/2008\/10\/foto_1920_03.jpg\" alt=\"\" width=\"311\" height=\"433\" border=\"0\" srcset=\"https:\/\/calvamadrid.com\/calvaw\/wp-content\/uploads\/2008\/10\/foto_1920_03.jpg 311w, https:\/\/calvamadrid.com\/calvaw\/wp-content\/uploads\/2008\/10\/foto_1920_03-215x300.jpg 215w\" sizes=\"(max-width: 311px) 100vw, 311px\" \/><\/div>\n<div style=\"text-align: center;\">\u00a0<\/div>\n<div style=\"text-align: center;\">\u00a0<\/div>\n<div style=\"text-align: center;\"><img decoding=\"async\" class=\" size-full wp-image-18\" src=\"http:\/\/calvamadrid.com\/calvaw\/wp-content\/uploads\/2008\/10\/foto_1920_02.jpg\" alt=\"\" width=\"335\" height=\"499\" border=\"0\" \/><\/div>\n<p>Para ver m\u00e1s fotos de la epoca visita el siguiente enlace: <a href=\"http:\/\/club.telepolis.com\/oscargardi\/index4.htm\">Fotos antiguas a\u00f1os 20 de pueblos de Burgos<br \/>\u00abObligaciones y devociones\u00bb<\/a><\/p>\n<p>\u00a0<\/p>\n","protected":false},"excerpt":{"rendered":"<p>\u00a0 Las fotos mas antiguas que se conocen son estas de los a\u00f1os 20. Son de a \u00e9poca en la que no se estilaba el chandal para jugar\u00a0 y los curas jugaban con sotana. Estas fotos fueron recogidas en una exposici\u00f3n fotogr\u00e1fica realizada por Ra\u00fal Mar\u00edn Benito en el Centro C\u00edvico Tierras de Mu\u00f1\u00f3 en &#8230; <a title=\"Fotos de la calva de 1920 en Burgos\" class=\"read-more\" href=\"https:\/\/calvamadrid.com\/calvaw\/arenillas-de-muno-burgos-anos-20\/\" aria-label=\"Leer m\u00e1s sobre Fotos de la calva de 1920 en Burgos\">Leer m\u00e1s<\/a><\/p>\n","protected":false},"author":1,"featured_media":16,"comment_status":"closed","ping_status":"closed","sticky":false,"template":"","format":"standard","meta":{"footnotes":""},"categories":[3],"tags":[],"aioseo_notices":[],"magazineBlocksPostFeaturedMedia":{"thumbnail":"https:\/\/calvamadrid.com\/calvaw\/wp-content\/uploads\/2008\/10\/foto_1920_01-150x150.jpg","medium":"https:\/\/calvamadrid.com\/calvaw\/wp-content\/uploads\/2008\/10\/foto_1920_01-300x207.jpg","medium_large":"https:\/\/calvamadrid.com\/calvaw\/wp-content\/uploads\/2008\/10\/foto_1920_01-768x530.jpg","large":"https:\/\/calvamadrid.com\/calvaw\/wp-content\/uploads\/2008\/10\/foto_1920_01.jpg","1536x1536":"https:\/\/calvamadrid.com\/calvaw\/wp-content\/uploads\/2008\/10\/foto_1920_01.jpg","2048x2048":"https:\/\/calvamadrid.com\/calvaw\/wp-content\/uploads\/2008\/10\/foto_1920_01.jpg"},"magazineBlocksPostAuthor":{"name":"admin","avatar":"https:\/\/secure.gravatar.com\/avatar\/64c979bdb8437be16ea1b705a0eb9b30?s=96&d=mm&r=g"},"magazineBlocksPostCommentsNumber":false,"magazineBlocksPostExcerpt":"\u00a0 Las fotos mas antiguas que se conocen son estas de los a\u00f1os 20. Son de a \u00e9poca en la que no se estilaba el chandal para jugar\u00a0 y los curas jugaban con sotana. Estas fotos fueron recogidas en una exposici\u00f3n fotogr\u00e1fica realizada por Ra\u00fal Mar\u00edn Benito en el Centro C\u00edvico Tierras de Mu\u00f1\u00f3 en ... <a title=\"Fotos de la calva de 1920 en Burgos\" class=\"read-more\" href=\"https:\/\/calvamadrid.com\/calvaw\/arenillas-de-muno-burgos-anos-20\/\" aria-label=\"Leer m\u00e1s sobre Fotos de la calva de 1920 en Burgos\">Leer m\u00e1s<\/a>","magazineBlocksPostCategories":["Noticias"],"magazine_blocks_featured_image_url":{"full":["https:\/\/calvamadrid.com\/calvaw\/wp-content\/uploads\/2008\/10\/foto_1920_01.jpg",774,534,false],"medium":["https:\/\/calvamadrid.com\/calvaw\/wp-content\/uploads\/2008\/10\/foto_1920_01-300x207.jpg",150,104,true],"thumbnail":["https:\/\/calvamadrid.com\/calvaw\/wp-content\/uploads\/2008\/10\/foto_1920_01-150x150.jpg",50,50,true]},"magazine_blocks_author":{"display_name":"admin","author_link":"https:\/\/calvamadrid.com\/calvaw\/author\/admin\/"},"magazine_blocks_comment":0,"magazine_blocks_author_image":"https:\/\/secure.gravatar.com\/avatar\/64c979bdb8437be16ea1b705a0eb9b30?s=96&d=mm&r=g","magazine_blocks_category":"<a href=\"https:\/\/calvamadrid.com\/calvaw\/category\/news\/\" rel=\"category tag\">Noticias<\/a>","_links":{"self":[{"href":"https:\/\/calvamadrid.com\/calvaw\/wp-json\/wp\/v2\/posts\/19"}],"collection":[{"href":"https:\/\/calvamadrid.com\/calvaw\/wp-json\/wp\/v2\/posts"}],"about":[{"href":"https:\/\/calvamadrid.com\/calvaw\/wp-json\/wp\/v2\/types\/post"}],"author":[{"embeddable":true,"href":"https:\/\/calvamadrid.com\/calvaw\/wp-json\/wp\/v2\/users\/1"}],"replies":[{"embeddable":true,"href":"https:\/\/calvamadrid.com\/calvaw\/wp-json\/wp\/v2\/comments?post=19"}],"version-history":[{"count":1,"href":"https:\/\/calvamadrid.com\/calvaw\/wp-json\/wp\/v2\/posts\/19\/revisions"}],"predecessor-version":[{"id":409,"href":"https:\/\/calvamadrid.com\/calvaw\/wp-json\/wp\/v2\/posts\/19\/revisions\/409"}],"wp:featuredmedia":[{"embeddable":true,"href":"https:\/\/calvamadrid.com\/calvaw\/wp-json\/wp\/v2\/media\/16"}],"wp:attachment":[{"href":"https:\/\/calvamadrid.com\/calvaw\/wp-json\/wp\/v2\/media?parent=19"}],"wp:term":[{"taxonomy":"category","embeddable":true,"href":"https:\/\/calvamadrid.com\/calvaw\/wp-json\/wp\/v2\/categories?post=19"},{"taxonomy":"post_tag","embeddable":true,"href":"https:\/\/calvamadrid.com\/calvaw\/wp-json\/wp\/v2\/tags?post=19"}],"curies":[{"name":"wp","href":"https:\/\/api.w.org\/{rel}","templated":true}]}}