{"id":22,"date":"2020-10-26T16:49:46","date_gmt":"2020-10-26T16:49:46","guid":{"rendered":"https:\/\/calvamadrid.com\/calvaw\/foto-vierge\/"},"modified":"2024-04-07T21:19:41","modified_gmt":"2024-04-07T21:19:41","slug":"foto-vierge","status":"publish","type":"post","link":"https:\/\/calvamadrid.com\/calvaw\/foto-vierge\/","title":{"rendered":"La \u00abfoto\u00bb m\u00e1s antigua de la calva"},"content":{"rendered":"<p>Este es el documento gr\u00e1fico m\u00e1s antiguo que se conoce de la calva, fue realizado por <a href=\"http:\/\/ivcentenarioquijote.blogspot.com\/2005\/11\/daniel-urrabieta-vierge.html\" target=\"_blank\" rel=\"noopener\">Daniel Vierge<\/a>\u00a0 (1851-1904) alrededor de 1870.<\/p>\n<p><img fetchpriority=\"high\" decoding=\"async\" class=\" size-full wp-image-20\" title=\"daniel vierge\" src=\"http:\/\/calvamadrid.com\/calvaw\/wp-content\/uploads\/2008\/10\/viergecalva.jpg\" alt=\"daniel vierge\" width=\"500\" height=\"315\" border=\"0\" srcset=\"https:\/\/calvamadrid.com\/calvaw\/wp-content\/uploads\/2008\/10\/viergecalva.jpg 500w, https:\/\/calvamadrid.com\/calvaw\/wp-content\/uploads\/2008\/10\/viergecalva-300x189.jpg 300w\" sizes=\"(max-width: 500px) 100vw, 500px\" \/><\/p>\n<p><img decoding=\"async\" class=\" size-full wp-image-21\" title=\"daniel vierge\" src=\"http:\/\/calvamadrid.com\/calvaw\/wp-content\/uploads\/2008\/10\/danielvierge.jpg\" alt=\"daniel vierge\" width=\"99\" height=\"128\" border=\"0\" \/><\/p>\n<p><a href=\"http:\/\/ivcentenarioquijote.blogspot.com\/2005\/11\/daniel-urrabieta-vierge.html\" target=\"_blank\" rel=\"noopener\">Daniel Vierge<\/a>\u00a0 (1851-1904)\u00a0<\/p>\n<p>\u00a0<\/p>\n","protected":false},"excerpt":{"rendered":"<p>Este es el documento gr\u00e1fico m\u00e1s antiguo que se conoce de la calva, fue realizado por Daniel Vierge\u00a0 (1851-1904) alrededor de 1870. Daniel Vierge\u00a0 (1851-1904)\u00a0 \u00a0<\/p>\n","protected":false},"author":1,"featured_media":20,"comment_status":"closed","ping_status":"closed","sticky":false,"template":"","format":"standard","meta":{"footnotes":""},"categories":[3],"tags":[],"aioseo_notices":[],"magazineBlocksPostFeaturedMedia":{"thumbnail":"https:\/\/calvamadrid.com\/calvaw\/wp-content\/uploads\/2008\/10\/viergecalva-150x150.jpg","medium":"https:\/\/calvamadrid.com\/calvaw\/wp-content\/uploads\/2008\/10\/viergecalva-300x189.jpg","medium_large":"https:\/\/calvamadrid.com\/calvaw\/wp-content\/uploads\/2008\/10\/viergecalva.jpg","large":"https:\/\/calvamadrid.com\/calvaw\/wp-content\/uploads\/2008\/10\/viergecalva.jpg","1536x1536":"https:\/\/calvamadrid.com\/calvaw\/wp-content\/uploads\/2008\/10\/viergecalva.jpg","2048x2048":"https:\/\/calvamadrid.com\/calvaw\/wp-content\/uploads\/2008\/10\/viergecalva.jpg"},"magazineBlocksPostAuthor":{"name":"admin","avatar":"https:\/\/secure.gravatar.com\/avatar\/64c979bdb8437be16ea1b705a0eb9b30?s=96&d=mm&r=g"},"magazineBlocksPostCommentsNumber":false,"magazineBlocksPostExcerpt":"Este es el documento gr\u00e1fico m\u00e1s antiguo que se conoce de la calva, fue realizado por Daniel Vierge\u00a0 (1851-1904) alrededor de 1870. Daniel Vierge\u00a0 (1851-1904)\u00a0 \u00a0","magazineBlocksPostCategories":["Noticias"],"magazine_blocks_featured_image_url":{"full":["https:\/\/calvamadrid.com\/calvaw\/wp-content\/uploads\/2008\/10\/viergecalva.jpg",500,315,false],"medium":["https:\/\/calvamadrid.com\/calvaw\/wp-content\/uploads\/2008\/10\/viergecalva-300x189.jpg",150,95,true],"thumbnail":["https:\/\/calvamadrid.com\/calvaw\/wp-content\/uploads\/2008\/10\/viergecalva-150x150.jpg",50,50,true]},"magazine_blocks_author":{"display_name":"admin","author_link":"https:\/\/calvamadrid.com\/calvaw\/author\/admin\/"},"magazine_blocks_comment":0,"magazine_blocks_author_image":"https:\/\/secure.gravatar.com\/avatar\/64c979bdb8437be16ea1b705a0eb9b30?s=96&d=mm&r=g","magazine_blocks_category":"<a href=\"https:\/\/calvamadrid.com\/calvaw\/category\/news\/\" rel=\"category tag\">Noticias<\/a>","_links":{"self":[{"href":"https:\/\/calvamadrid.com\/calvaw\/wp-json\/wp\/v2\/posts\/22"}],"collection":[{"href":"https:\/\/calvamadrid.com\/calvaw\/wp-json\/wp\/v2\/posts"}],"about":[{"href":"https:\/\/calvamadrid.com\/calvaw\/wp-json\/wp\/v2\/types\/post"}],"author":[{"embeddable":true,"href":"https:\/\/calvamadrid.com\/calvaw\/wp-json\/wp\/v2\/users\/1"}],"replies":[{"embeddable":true,"href":"https:\/\/calvamadrid.com\/calvaw\/wp-json\/wp\/v2\/comments?post=22"}],"version-history":[{"count":1,"href":"https:\/\/calvamadrid.com\/calvaw\/wp-json\/wp\/v2\/posts\/22\/revisions"}],"predecessor-version":[{"id":6417,"href":"https:\/\/calvamadrid.com\/calvaw\/wp-json\/wp\/v2\/posts\/22\/revisions\/6417"}],"wp:featuredmedia":[{"embeddable":true,"href":"https:\/\/calvamadrid.com\/calvaw\/wp-json\/wp\/v2\/media\/20"}],"wp:attachment":[{"href":"https:\/\/calvamadrid.com\/calvaw\/wp-json\/wp\/v2\/media?parent=22"}],"wp:term":[{"taxonomy":"category","embeddable":true,"href":"https:\/\/calvamadrid.com\/calvaw\/wp-json\/wp\/v2\/categories?post=22"},{"taxonomy":"post_tag","embeddable":true,"href":"https:\/\/calvamadrid.com\/calvaw\/wp-json\/wp\/v2\/tags?post=22"}],"curies":[{"name":"wp","href":"https:\/\/api.w.org\/{rel}","templated":true}]}}