{"id":6458,"date":"2024-04-14T09:30:24","date_gmt":"2024-04-14T09:30:24","guid":{"rendered":"https:\/\/calvamadrid.com\/calvaw\/?p=6458"},"modified":"2024-04-14T09:34:22","modified_gmt":"2024-04-14T09:34:22","slug":"fotogaleria-campeonato-nacional-calva-en-abades","status":"publish","type":"post","link":"https:\/\/calvamadrid.com\/calvaw\/fotogaleria-campeonato-nacional-calva-en-abades\/","title":{"rendered":"Fotogaleria campeonato nacional calva en Abades"},"content":{"rendered":"\n<p>El adelanto de Segov\u00eda publico una fotofaler\u00eda del campeonato nacional celebrado en abades el 9 de julio de 2023<\/p>\n\n\n\n<p>M\u00e1s informaci\u00f3n:<\/p>\n\n\n\n<figure class=\"wp-block-embed is-type-wp-embed is-provider-el-adelantado-de-segovia wp-block-embed-el-adelantado-de-segovia\"><div class=\"wp-block-embed__wrapper\">\n<blockquote class=\"wp-embedded-content\" data-secret=\"0ENQ4DIutr\"><a href=\"https:\/\/www.eladelantado.com\/provincia-de-segovia\/fotogaleria-campeonato-de-espana-de-calva-en-abades\/\">Fotogaler\u00eda Campeonato de Espa\u00f1a de Calva en Abades<\/a><\/blockquote><iframe class=\"wp-embedded-content\" sandbox=\"allow-scripts\" security=\"restricted\" style=\"position: absolute; clip: rect(1px, 1px, 1px, 1px);\" title=\"\u00abFotogaler\u00eda Campeonato de Espa\u00f1a de Calva en Abades\u00bb \u2014 El Adelantado de Segovia\" src=\"https:\/\/www.eladelantado.com\/provincia-de-segovia\/fotogaleria-campeonato-de-espana-de-calva-en-abades\/embed\/#?secret=81oI9rVm0c#?secret=0ENQ4DIutr\" data-secret=\"0ENQ4DIutr\" width=\"600\" height=\"338\" frameborder=\"0\" marginwidth=\"0\" marginheight=\"0\" scrolling=\"no\"><\/iframe>\n<\/div><\/figure>\n\n\n\n<p><a href=\"https:\/\/www.tribunasegovia.com\/noticias\/337383\/centenar-y-medio-de-jugadores-de-calva-y-bolos-femeninos-en-abades\">https:\/\/www.tribunasegovia.com\/noticias\/337383\/centenar-y-medio-de-jugadores-de-calva-y-bolos-femeninos-en-abades<\/a><\/p>\n","protected":false},"excerpt":{"rendered":"<p>El adelanto de Segov\u00eda publico una fotofaler\u00eda del campeonato nacional celebrado en abades el 9 de julio de 2023 M\u00e1s informaci\u00f3n: https:\/\/www.tribunasegovia.com\/noticias\/337383\/centenar-y-medio-de-jugadores-de-calva-y-bolos-femeninos-en-abades<\/p>\n","protected":false},"author":1,"featured_media":6459,"comment_status":"closed","ping_status":"closed","sticky":false,"template":"","format":"standard","meta":{"footnotes":""},"categories":[3],"tags":[],"aioseo_notices":[],"magazineBlocksPostFeaturedMedia":{"thumbnail":"https:\/\/calvamadrid.com\/calvaw\/wp-content\/uploads\/2024\/04\/fotogaleria_abades-50x50.jpg","medium":"https:\/\/calvamadrid.com\/calvaw\/wp-content\/uploads\/2024\/04\/fotogaleria_abades-150x76.jpg","medium_large":"https:\/\/calvamadrid.com\/calvaw\/wp-content\/uploads\/2024\/04\/fotogaleria_abades-768x388.jpg","large":"https:\/\/calvamadrid.com\/calvaw\/wp-content\/uploads\/2024\/04\/fotogaleria_abades.jpg","1536x1536":"https:\/\/calvamadrid.com\/calvaw\/wp-content\/uploads\/2024\/04\/fotogaleria_abades.jpg","2048x2048":"https:\/\/calvamadrid.com\/calvaw\/wp-content\/uploads\/2024\/04\/fotogaleria_abades.jpg"},"magazineBlocksPostAuthor":{"name":"admin","avatar":"https:\/\/secure.gravatar.com\/avatar\/64c979bdb8437be16ea1b705a0eb9b30?s=96&d=mm&r=g"},"magazineBlocksPostCommentsNumber":false,"magazineBlocksPostExcerpt":"El adelanto de Segov\u00eda publico una fotofaler\u00eda del campeonato nacional celebrado en abades el 9 de julio de 2023 M\u00e1s informaci\u00f3n: https:\/\/www.tribunasegovia.com\/noticias\/337383\/centenar-y-medio-de-jugadores-de-calva-y-bolos-femeninos-en-abades","magazineBlocksPostCategories":["Noticias"],"magazine_blocks_featured_image_url":{"full":["https:\/\/calvamadrid.com\/calvaw\/wp-content\/uploads\/2024\/04\/fotogaleria_abades.jpg",800,404,false],"medium":["https:\/\/calvamadrid.com\/calvaw\/wp-content\/uploads\/2024\/04\/fotogaleria_abades-150x76.jpg",150,76,true],"thumbnail":["https:\/\/calvamadrid.com\/calvaw\/wp-content\/uploads\/2024\/04\/fotogaleria_abades-50x50.jpg",50,50,true]},"magazine_blocks_author":{"display_name":"admin","author_link":"https:\/\/calvamadrid.com\/calvaw\/author\/admin\/"},"magazine_blocks_comment":0,"magazine_blocks_author_image":"https:\/\/secure.gravatar.com\/avatar\/64c979bdb8437be16ea1b705a0eb9b30?s=96&d=mm&r=g","magazine_blocks_category":"<a href=\"https:\/\/calvamadrid.com\/calvaw\/category\/news\/\" rel=\"category tag\">Noticias<\/a>","_links":{"self":[{"href":"https:\/\/calvamadrid.com\/calvaw\/wp-json\/wp\/v2\/posts\/6458"}],"collection":[{"href":"https:\/\/calvamadrid.com\/calvaw\/wp-json\/wp\/v2\/posts"}],"about":[{"href":"https:\/\/calvamadrid.com\/calvaw\/wp-json\/wp\/v2\/types\/post"}],"author":[{"embeddable":true,"href":"https:\/\/calvamadrid.com\/calvaw\/wp-json\/wp\/v2\/users\/1"}],"replies":[{"embeddable":true,"href":"https:\/\/calvamadrid.com\/calvaw\/wp-json\/wp\/v2\/comments?post=6458"}],"version-history":[{"count":1,"href":"https:\/\/calvamadrid.com\/calvaw\/wp-json\/wp\/v2\/posts\/6458\/revisions"}],"predecessor-version":[{"id":6460,"href":"https:\/\/calvamadrid.com\/calvaw\/wp-json\/wp\/v2\/posts\/6458\/revisions\/6460"}],"wp:featuredmedia":[{"embeddable":true,"href":"https:\/\/calvamadrid.com\/calvaw\/wp-json\/wp\/v2\/media\/6459"}],"wp:attachment":[{"href":"https:\/\/calvamadrid.com\/calvaw\/wp-json\/wp\/v2\/media?parent=6458"}],"wp:term":[{"taxonomy":"category","embeddable":true,"href":"https:\/\/calvamadrid.com\/calvaw\/wp-json\/wp\/v2\/categories?post=6458"},{"taxonomy":"post_tag","embeddable":true,"href":"https:\/\/calvamadrid.com\/calvaw\/wp-json\/wp\/v2\/tags?post=6458"}],"curies":[{"name":"wp","href":"https:\/\/api.w.org\/{rel}","templated":true}]}}