{"id":6472,"date":"2024-04-28T11:19:49","date_gmt":"2024-04-28T11:19:49","guid":{"rendered":"https:\/\/calvamadrid.com\/calvaw\/?p=6472"},"modified":"2024-05-18T09:17:46","modified_gmt":"2024-05-18T09:17:46","slug":"calendario-liga-nacional","status":"publish","type":"post","link":"https:\/\/calvamadrid.com\/calvaw\/calendario-liga-nacional\/","title":{"rendered":"CALENDARIO LIGA NACIONAL"},"content":{"rendered":"\n<div class=\"mzb-section mzb-section-2e3aba0e\"><div class=\"mzb-container\"><div class=\"mzb-section-inner\">\n<div class=\"mzb-column mzb-column-d17c0e71\"><div class=\"mzb-column-inner\">\n<p class=\"has-text-align-left\">La Liga Nacional de Calva 2024  dar\u00e1 comienzo el pr\u00f3ximo 2 de junio y se extender\u00e1 hasta el 25 de agosto, cuando tendr\u00e1 lugar la gran final en Medina del Campo (Valladolid). Durante estos meses, los aficionados podr\u00e1n disfrutar de emocionantes partidos en los siguientes provincias:<\/p>\n\n\n\n<ul>\n<li>Madrid<\/li>\n\n\n\n<li>Burgos<\/li>\n\n\n\n<li>Segovia<\/li>\n\n\n\n<li>Salamanca<\/li>\n\n\n\n<li>Zamora<\/li>\n\n\n\n<li>\u00c1vila<\/li>\n\n\n\n<li>Valladolid<\/li>\n<\/ul>\n\n\n\n<p>Consultar calendario y normativa de la liga.<\/p>\n<\/div><\/div>\n<\/div><\/div><\/div>\n\n\n\n<!--more-->\n\n\n<div class=\"wp-block-image\">\n<figure class=\"aligncenter size-large\"><img fetchpriority=\"high\" decoding=\"async\" width=\"724\" height=\"1024\" src=\"https:\/\/calvamadrid.com\/calvaw\/wp-content\/uploads\/2024\/05\/liga_nacional_calva_2024-724x1024.jpg\" alt=\"\" class=\"wp-image-6477\" srcset=\"https:\/\/calvamadrid.com\/calvaw\/wp-content\/uploads\/2024\/05\/liga_nacional_calva_2024-724x1024.jpg 724w, https:\/\/calvamadrid.com\/calvaw\/wp-content\/uploads\/2024\/05\/liga_nacional_calva_2024-106x150.jpg 106w, https:\/\/calvamadrid.com\/calvaw\/wp-content\/uploads\/2024\/05\/liga_nacional_calva_2024-768x1087.jpg 768w, https:\/\/calvamadrid.com\/calvaw\/wp-content\/uploads\/2024\/05\/liga_nacional_calva_2024-1085x1536.jpg 1085w, https:\/\/calvamadrid.com\/calvaw\/wp-content\/uploads\/2024\/05\/liga_nacional_calva_2024.jpg 1447w\" sizes=\"(max-width: 724px) 100vw, 724px\" \/><\/figure><\/div>\n\n\n<p>Normativa liga nacional de calva 2024<\/p>\n\n\n\n<div data-wp-interactive=\"\" class=\"wp-block-file\"><object data-wp-bind--hidden=\"!selectors.core.file.hasPdfPreview\" hidden class=\"wp-block-file__embed\" data=\"https:\/\/calvamadrid.com\/calvaw\/wp-content\/uploads\/2024\/04\/normativa_campeonato_nacional.pdf\" type=\"application\/pdf\" style=\"width:100%;height:600px\" aria-label=\"Incrustado de normativa_campeonato_nacional.\"><\/object><a id=\"wp-block-file--media-7aa098dd-c745-4adb-9556-dd62eff70e32\" href=\"https:\/\/calvamadrid.com\/calvaw\/wp-content\/uploads\/2024\/04\/normativa_campeonato_nacional.pdf\">normativa_campeonato_nacional<\/a><a href=\"https:\/\/calvamadrid.com\/calvaw\/wp-content\/uploads\/2024\/04\/normativa_campeonato_nacional.pdf\" class=\"wp-block-file__button wp-element-button\" download aria-describedby=\"wp-block-file--media-7aa098dd-c745-4adb-9556-dd62eff70e32\">Descarga<\/a><\/div>\n\n\n\n<figure class=\"wp-block-table\"><table><tbody><tr><td><strong>Fecha<\/strong><\/td><td><strong>Lugar<\/strong><\/td><\/tr><tr><td>2 de junio<\/td><td>Los Taxistas La Mina (Madrid)<\/td><\/tr><tr><td>30 de junio<\/td><td>Lerma (Burgos)<\/td><\/tr><tr><td>7 de julio<\/td><td>Abades (Segovia)<\/td><\/tr><tr><td>14 de julio<\/td><td>Buenavista (Salamanca)<\/td><\/tr><tr><td>21 de julio<\/td><td>Fresno de la Ribera (Zamora)<\/td><\/tr><tr><td>28 de julio<\/td><td>La Serrada (\u00c1vila)<\/td><\/tr><tr><td>4 de agosto<\/td><td>Campo de Pe\u00f1aranda (Salamanca)<\/td><\/tr><tr><td>11 de agosto<\/td><td>Narros de Matalayegua (Salamanca)<\/td><\/tr><tr><td>18 de agosto<\/td><td>Pe\u00f1aranda de Bracamonte (Salamanca)<\/td><\/tr><tr><td>24 de agosto<\/td><td>Guijuelo (Salamanca)<\/td><\/tr><tr><td>25 de agosto<\/td><td>Medina del Campo (Valladolid) FINAL<\/td><\/tr><\/tbody><\/table><\/figure>\n","protected":false},"excerpt":{"rendered":"","protected":false},"author":1,"featured_media":0,"comment_status":"closed","ping_status":"closed","sticky":false,"template":"","format":"standard","meta":{"footnotes":""},"categories":[3],"tags":[],"aioseo_notices":[],"magazineBlocksPostFeaturedMedia":{"thumbnail":false,"medium":false,"medium_large":false,"large":false,"1536x1536":false,"2048x2048":false},"magazineBlocksPostAuthor":{"name":"admin","avatar":"https:\/\/secure.gravatar.com\/avatar\/64c979bdb8437be16ea1b705a0eb9b30?s=96&d=mm&r=g"},"magazineBlocksPostCommentsNumber":false,"magazineBlocksPostExcerpt":"","magazineBlocksPostCategories":["Noticias"],"magazine_blocks_featured_image_url":{"full":false,"medium":false,"thumbnail":false},"magazine_blocks_author":{"display_name":"admin","author_link":"https:\/\/calvamadrid.com\/calvaw\/author\/admin\/"},"magazine_blocks_comment":0,"magazine_blocks_author_image":"https:\/\/secure.gravatar.com\/avatar\/64c979bdb8437be16ea1b705a0eb9b30?s=96&d=mm&r=g","magazine_blocks_category":"<a href=\"https:\/\/calvamadrid.com\/calvaw\/category\/news\/\" rel=\"category tag\">Noticias<\/a>","_links":{"self":[{"href":"https:\/\/calvamadrid.com\/calvaw\/wp-json\/wp\/v2\/posts\/6472"}],"collection":[{"href":"https:\/\/calvamadrid.com\/calvaw\/wp-json\/wp\/v2\/posts"}],"about":[{"href":"https:\/\/calvamadrid.com\/calvaw\/wp-json\/wp\/v2\/types\/post"}],"author":[{"embeddable":true,"href":"https:\/\/calvamadrid.com\/calvaw\/wp-json\/wp\/v2\/users\/1"}],"replies":[{"embeddable":true,"href":"https:\/\/calvamadrid.com\/calvaw\/wp-json\/wp\/v2\/comments?post=6472"}],"version-history":[{"count":4,"href":"https:\/\/calvamadrid.com\/calvaw\/wp-json\/wp\/v2\/posts\/6472\/revisions"}],"predecessor-version":[{"id":6483,"href":"https:\/\/calvamadrid.com\/calvaw\/wp-json\/wp\/v2\/posts\/6472\/revisions\/6483"}],"wp:attachment":[{"href":"https:\/\/calvamadrid.com\/calvaw\/wp-json\/wp\/v2\/media?parent=6472"}],"wp:term":[{"taxonomy":"category","embeddable":true,"href":"https:\/\/calvamadrid.com\/calvaw\/wp-json\/wp\/v2\/categories?post=6472"},{"taxonomy":"post_tag","embeddable":true,"href":"https:\/\/calvamadrid.com\/calvaw\/wp-json\/wp\/v2\/tags?post=6472"}],"curies":[{"name":"wp","href":"https:\/\/api.w.org\/{rel}","templated":true}]}}