{"id":6572,"date":"2025-10-11T11:23:17","date_gmt":"2025-10-11T11:23:17","guid":{"rendered":"https:\/\/calvamadrid.com\/calvaw\/?p=6572"},"modified":"2025-10-11T11:23:18","modified_gmt":"2025-10-11T11:23:18","slug":"iv-campeonato-de-calva-comunidad-de-madrid-2","status":"publish","type":"post","link":"https:\/\/calvamadrid.com\/calvaw\/iv-campeonato-de-calva-comunidad-de-madrid-2\/","title":{"rendered":"XXXII Campeonato de calva de Alcorc\u00f3n"},"content":{"rendered":"\n<p>Publicado en <em>La Gaceta de Alcorc\u00f3n<\/em>.<\/p>\n\n\n\n<p>Guillermo Ceballos gan\u00f3 por sexto a\u00f1o consecutivo el Campeonato de Calva de Alcorc\u00f3n, celebrado en el Parque de La Paz. <\/p>\n\n\n\n<p>El evento, organizado por el Club Los Castellanos, destac\u00f3 por su ambiente festivo y participaci\u00f3n vecinal.<\/p>\n\n\n\n<p><a href=\"https:\/\/lagacetadealcorcon.com\/calva-alcorcon\/\"><\/a><\/p>\n\n\n\n<figure class=\"wp-block-image size-full\"><a href=\"https:\/\/lagacetadealcorcon.com\/calva-alcorcon\/\"><img fetchpriority=\"high\" decoding=\"async\" width=\"1020\" height=\"359\" src=\"https:\/\/calvamadrid.com\/calvaw\/wp-content\/uploads\/2025\/10\/image.png\" alt=\"\" class=\"wp-image-6573\" srcset=\"https:\/\/calvamadrid.com\/calvaw\/wp-content\/uploads\/2025\/10\/image.png 1020w, https:\/\/calvamadrid.com\/calvaw\/wp-content\/uploads\/2025\/10\/image-150x53.png 150w, https:\/\/calvamadrid.com\/calvaw\/wp-content\/uploads\/2025\/10\/image-768x270.png 768w\" sizes=\"(max-width: 1020px) 100vw, 1020px\" \/><\/a><\/figure>\n\n\n\n<!--more-->\n\n\n\n<p>Cartel del campeonato<\/p>\n\n\n\n<figure class=\"wp-block-image size-full\"><img decoding=\"async\" width=\"385\" height=\"102\" src=\"https:\/\/calvamadrid.com\/calvaw\/wp-content\/uploads\/2025\/10\/image-1.png\" alt=\"\" class=\"wp-image-6574\" srcset=\"https:\/\/calvamadrid.com\/calvaw\/wp-content\/uploads\/2025\/10\/image-1.png 385w, https:\/\/calvamadrid.com\/calvaw\/wp-content\/uploads\/2025\/10\/image-1-150x40.png 150w\" sizes=\"(max-width: 385px) 100vw, 385px\" \/><\/figure>\n","protected":false},"excerpt":{"rendered":"<p>Publicado en La Gaceta de Alcorc\u00f3n. Guillermo Ceballos gan\u00f3 por sexto a\u00f1o consecutivo el Campeonato de Calva de Alcorc\u00f3n, celebrado en el Parque de La Paz. El evento, organizado por el Club Los Castellanos, destac\u00f3 por su ambiente festivo y participaci\u00f3n vecinal.<\/p>\n","protected":false},"author":1,"featured_media":0,"comment_status":"closed","ping_status":"closed","sticky":false,"template":"","format":"standard","meta":{"footnotes":""},"categories":[3,58],"tags":[],"aioseo_notices":[],"magazineBlocksPostFeaturedMedia":{"thumbnail":false,"medium":false,"medium_large":false,"large":false,"1536x1536":false,"2048x2048":false},"magazineBlocksPostAuthor":{"name":"admin","avatar":"https:\/\/secure.gravatar.com\/avatar\/64c979bdb8437be16ea1b705a0eb9b30?s=96&d=mm&r=g"},"magazineBlocksPostCommentsNumber":false,"magazineBlocksPostExcerpt":"Publicado en La Gaceta de Alcorc\u00f3n. Guillermo Ceballos gan\u00f3 por sexto a\u00f1o consecutivo el Campeonato de Calva de Alcorc\u00f3n, celebrado en el Parque de La Paz. El evento, organizado por el Club Los Castellanos, destac\u00f3 por su ambiente festivo y participaci\u00f3n vecinal.","magazineBlocksPostCategories":["Noticias","top"],"magazine_blocks_featured_image_url":{"full":false,"medium":false,"thumbnail":false},"magazine_blocks_author":{"display_name":"admin","author_link":"https:\/\/calvamadrid.com\/calvaw\/author\/admin\/"},"magazine_blocks_comment":0,"magazine_blocks_author_image":"https:\/\/secure.gravatar.com\/avatar\/64c979bdb8437be16ea1b705a0eb9b30?s=96&d=mm&r=g","magazine_blocks_category":"<a href=\"https:\/\/calvamadrid.com\/calvaw\/category\/news\/\" rel=\"category tag\">Noticias<\/a> <a href=\"https:\/\/calvamadrid.com\/calvaw\/category\/top\/\" rel=\"category tag\">top<\/a>","_links":{"self":[{"href":"https:\/\/calvamadrid.com\/calvaw\/wp-json\/wp\/v2\/posts\/6572"}],"collection":[{"href":"https:\/\/calvamadrid.com\/calvaw\/wp-json\/wp\/v2\/posts"}],"about":[{"href":"https:\/\/calvamadrid.com\/calvaw\/wp-json\/wp\/v2\/types\/post"}],"author":[{"embeddable":true,"href":"https:\/\/calvamadrid.com\/calvaw\/wp-json\/wp\/v2\/users\/1"}],"replies":[{"embeddable":true,"href":"https:\/\/calvamadrid.com\/calvaw\/wp-json\/wp\/v2\/comments?post=6572"}],"version-history":[{"count":1,"href":"https:\/\/calvamadrid.com\/calvaw\/wp-json\/wp\/v2\/posts\/6572\/revisions"}],"predecessor-version":[{"id":6589,"href":"https:\/\/calvamadrid.com\/calvaw\/wp-json\/wp\/v2\/posts\/6572\/revisions\/6589"}],"wp:attachment":[{"href":"https:\/\/calvamadrid.com\/calvaw\/wp-json\/wp\/v2\/media?parent=6572"}],"wp:term":[{"taxonomy":"category","embeddable":true,"href":"https:\/\/calvamadrid.com\/calvaw\/wp-json\/wp\/v2\/categories?post=6572"},{"taxonomy":"post_tag","embeddable":true,"href":"https:\/\/calvamadrid.com\/calvaw\/wp-json\/wp\/v2\/tags?post=6572"}],"curies":[{"name":"wp","href":"https:\/\/api.w.org\/{rel}","templated":true}]}}